{"id":538,"date":"2012-05-18T09:38:43","date_gmt":"2012-05-18T07:38:43","guid":{"rendered":"http:\/\/www.evenhausen.de\/?p=538"},"modified":"2012-05-18T09:46:55","modified_gmt":"2012-05-18T07:46:55","slug":"jahreshauptversammlung-brandunterstutzungsverein-evenhausen","status":"publish","type":"post","link":"https:\/\/www.evenhausen.de\/?p=538","title":{"rendered":"Jahreshauptversammlung Brandunterst\u00fctzungsverein Evenhausen"},"content":{"rendered":"<p>Bei der Generalversammlung des Privat-Unterst\u00fctzungsvereins bei Brandf\u00e4llen f\u00fcr das Gesch\u00e4ftsjahr 2011 berichtet der Vorstand Simon Dieplinger \u00fcber einen Gro\u00dfbrand und zwei kleinere Sch\u00e4den.<\/p>\n<p>Erstmals seit 2007 wurden wieder Beitr\u00e4ge eingehoben.<\/p>\n<p>Zum Jahresende z\u00e4hlte der Verein 966 Mitglieder. Die R\u00fccklagen liegen \u00fcber der gesetzlich festgelegten Summe und betragen derzeit 43.000 Euro. Nach dem Kassenbericht und den Feststellungen der Kassenpr\u00fcfer wurde einstimmig die Entlastung erteilt.<\/p>\n<p>Bei den f\u00e4lligen Neuwahlen gab es nur eine \u00c4nderung beim Kassier. Dieses Amt wird von Silvia H\u00f6hne \u00fcbernommen. Auch drei neue Obm\u00e4nner wurden den Mitgliedern vorgestellt. Den scheidenden Obm\u00e4nnern Max Albersinger und Peter G\u00e4\u00dfl sowie dem bisherigen Kassier Maria Zunhammer \u00fcberreichte der Vorsitzende Pr\u00e4sente und dankte im Namen der Mitglieder f\u00fcr die langj\u00e4hrige T\u00e4tigkeit.<\/p>\n<p>(Text: Simon Dieplinger)<\/p>\n","protected":false},"excerpt":{"rendered":"<p>Bei der Generalversammlung des Privat-Unterst\u00fctzungsvereins bei Brandf\u00e4llen f\u00fcr das Gesch\u00e4ftsjahr 2011 berichtet der Vorstand Simon Dieplinger \u00fcber einen Gro\u00dfbrand und zwei kleinere Sch\u00e4den. Erstmals seit 2007 wurden wieder Beitr\u00e4ge eingehoben. Zum Jahresende z\u00e4hlte der Verein 966 Mitglieder. Die R\u00fccklagen liegen \u00fcber der gesetzlich festgelegten Summe und betragen derzeit 43.000 Euro. Nach dem Kassenbericht und den &hellip; <a href=\"https:\/\/www.evenhausen.de\/?p=538\" class=\"more-link\"><span class=\"screen-reader-text\">\u201eJahreshauptversammlung Brandunterst\u00fctzungsverein Evenhausen\u201c <\/span>weiterlesen<\/a><\/p>\n","protected":false},"author":26,"featured_media":0,"comment_status":"open","ping_status":"closed","sticky":false,"template":"","format":"standard","meta":{"_themeisle_gutenberg_block_has_review":false,"footnotes":""},"categories":[1],"tags":[],"class_list":["post-538","post","type-post","status-publish","format-standard","hentry","category-allgemein"],"_links":{"self":[{"href":"https:\/\/www.evenhausen.de\/index.php?rest_route=\/wp\/v2\/posts\/538","targetHints":{"allow":["GET"]}}],"collection":[{"href":"https:\/\/www.evenhausen.de\/index.php?rest_route=\/wp\/v2\/posts"}],"about":[{"href":"https:\/\/www.evenhausen.de\/index.php?rest_route=\/wp\/v2\/types\/post"}],"author":[{"embeddable":true,"href":"https:\/\/www.evenhausen.de\/index.php?rest_route=\/wp\/v2\/users\/26"}],"replies":[{"embeddable":true,"href":"https:\/\/www.evenhausen.de\/index.php?rest_route=%2Fwp%2Fv2%2Fcomments&post=538"}],"version-history":[{"count":3,"href":"https:\/\/www.evenhausen.de\/index.php?rest_route=\/wp\/v2\/posts\/538\/revisions"}],"predecessor-version":[{"id":543,"href":"https:\/\/www.evenhausen.de\/index.php?rest_route=\/wp\/v2\/posts\/538\/revisions\/543"}],"wp:attachment":[{"href":"https:\/\/www.evenhausen.de\/index.php?rest_route=%2Fwp%2Fv2%2Fmedia&parent=538"}],"wp:term":[{"taxonomy":"category","embeddable":true,"href":"https:\/\/www.evenhausen.de\/index.php?rest_route=%2Fwp%2Fv2%2Fcategories&post=538"},{"taxonomy":"post_tag","embeddable":true,"href":"https:\/\/www.evenhausen.de\/index.php?rest_route=%2Fwp%2Fv2%2Ftags&post=538"}],"curies":[{"name":"wp","href":"https:\/\/api.w.org\/{rel}","templated":true}]}}